{"id":23460,"date":"2026-08-24T13:27:20","date_gmt":"2026-08-24T11:27:20","guid":{"rendered":"https:\/\/www.kabel1.cz\/www\/?p=23460"},"modified":"2026-08-24T13:27:20","modified_gmt":"2026-08-24T11:27:20","slug":"roma-tv-ukoncila-provoz","status":"publish","type":"post","link":"https:\/\/www.kabel1.cz\/www\/2026\/08\/24\/roma-tv-ukoncila-provoz\/","title":{"rendered":"Roma TV ukon\u010dila provoz"},"content":{"rendered":"\n<p class=\"wp-block-paragraph\">Roma TV p\u0159eru\u0161ila vys\u00edl\u00e1n\u00ed. Podle provozovatele byla d\u016fvodem n\u00edzk\u00e1 sledovanost.<\/p>\n\n\n\n<p class=\"wp-block-paragraph\">Zdroj: <a href=\"https:\/\/romea.cz\/cz\/domaci\/roma-tv-prerusila-vysilani-podle-provozovatele-byla-duvodem-nizka-sledovanost\">https:\/\/romea.cz\/cz\/domaci\/roma-tv-prerusila-vysilani-podle-provozovatele-byla-duvodem-nizka-sledovanost<\/a><\/p>\n\n\n\n<p class=\"wp-block-paragraph\">T\u00fdm GeniusTV a Kabel1<\/p>\n\n\n\n<p class=\"wp-block-paragraph\"><\/p>\n","protected":false},"excerpt":{"rendered":"<p>Roma TV p\u0159eru\u0161ila vys\u00edl\u00e1n\u00ed. Podle provozovatele byla d\u016fvodem n\u00edzk\u00e1 sledovanost. Zdroj: https:\/\/romea.cz\/cz\/domaci\/roma-tv-prerusila-vysilani-podle-provozovatele-byla-duvodem-nizka-sledovanost T\u00fdm GeniusTV a Kabel1<\/p>\n","protected":false},"author":5,"featured_media":21968,"comment_status":"closed","ping_status":"closed","sticky":false,"template":"","format":"standard","meta":{"_eb_attr":"","_kad_post_transparent":"","_kad_post_title":"","_kad_post_layout":"","_kad_post_sidebar_id":"","_kad_post_content_style":"","_kad_post_vertical_padding":"","_kad_post_feature":"","_kad_post_feature_position":"","_kad_post_header":false,"_kad_post_footer":false,"_kad_post_classname":"","footnotes":""},"categories":[29],"tags":[],"class_list":["post-23460","post","type-post","status-publish","format-standard","has-post-thumbnail","hentry","category-kabelova-televize"],"_links":{"self":[{"href":"https:\/\/www.kabel1.cz\/www\/wp-json\/wp\/v2\/posts\/23460","targetHints":{"allow":["GET"]}}],"collection":[{"href":"https:\/\/www.kabel1.cz\/www\/wp-json\/wp\/v2\/posts"}],"about":[{"href":"https:\/\/www.kabel1.cz\/www\/wp-json\/wp\/v2\/types\/post"}],"author":[{"embeddable":true,"href":"https:\/\/www.kabel1.cz\/www\/wp-json\/wp\/v2\/users\/5"}],"replies":[{"embeddable":true,"href":"https:\/\/www.kabel1.cz\/www\/wp-json\/wp\/v2\/comments?post=23460"}],"version-history":[{"count":1,"href":"https:\/\/www.kabel1.cz\/www\/wp-json\/wp\/v2\/posts\/23460\/revisions"}],"predecessor-version":[{"id":23461,"href":"https:\/\/www.kabel1.cz\/www\/wp-json\/wp\/v2\/posts\/23460\/revisions\/23461"}],"wp:featuredmedia":[{"embeddable":true,"href":"https:\/\/www.kabel1.cz\/www\/wp-json\/wp\/v2\/media\/21968"}],"wp:attachment":[{"href":"https:\/\/www.kabel1.cz\/www\/wp-json\/wp\/v2\/media?parent=23460"}],"wp:term":[{"taxonomy":"category","embeddable":true,"href":"https:\/\/www.kabel1.cz\/www\/wp-json\/wp\/v2\/categories?post=23460"},{"taxonomy":"post_tag","embeddable":true,"href":"https:\/\/www.kabel1.cz\/www\/wp-json\/wp\/v2\/tags?post=23460"}],"curies":[{"name":"wp","href":"https:\/\/api.w.org\/{rel}","templated":true}]}}