{"id":22427,"date":"2026-02-02T11:33:23","date_gmt":"2026-02-02T10:33:23","guid":{"rendered":"https:\/\/www.kabel1.cz\/www\/?p=22427"},"modified":"2026-02-02T11:33:24","modified_gmt":"2026-02-02T10:33:24","slug":"tv-prima-zmena-v-pretaceni-poradu","status":"publish","type":"post","link":"https:\/\/www.kabel1.cz\/www\/2026\/02\/02\/tv-prima-zmena-v-pretaceni-poradu\/","title":{"rendered":"TV Prima: Zm\u011bna v p\u0159et\u00e1\u010den\u00ed po\u0159ad\u016f"},"content":{"rendered":"\n<h5 class=\"wp-block-heading\">TV Prima: Zm\u011bna v p\u0159et\u00e1\u010den\u00ed po\u0159ad\u016f od 1. \u00fanora<\/h5>\n\n\n\n<p>R\u00e1di bychom v\u00e1s informovali o technick\u00e9 zm\u011bn\u011b, kter\u00e1 se t\u00fdk\u00e1 sledov\u00e1n\u00ed kan\u00e1l\u016f ze skupiny <strong>TV Prima<\/strong>. Na z\u00e1klad\u011b p\u0159\u00edm\u00e9ho po\u017eadavku provozovatele t\u00e9to televizn\u00ed skupiny doch\u00e1z\u00ed od <strong>1. 2. 2026<\/strong> k \u00faprav\u011b funkce p\u0159et\u00e1\u010den\u00ed.<\/p>\n\n\n\n<h5 class=\"wp-block-heading\">Co se m\u011bn\u00ed?<\/h5>\n\n\n\n<p>U v\u0161ech kan\u00e1l\u016f TV Prima je nov\u011b <strong>znemo\u017en\u011bno p\u0159et\u00e1\u010den\u00ed prvn\u00edch 60 sekund<\/strong> po spu\u0161t\u011bn\u00ed vybran\u00e9ho po\u0159adu. Tato zm\u011bna je povinn\u00e1 pro v\u0161echny poskytovatele televizn\u00edch slu\u017eeb a na\u0161e spole\u010dnost je povinna ji pln\u011b respektovat.<\/p>\n\n\n\n<p>I kdy\u017e n\u00e1s toto omezen\u00ed net\u011b\u0161\u00ed, na\u0161\u00edm c\u00edlem z\u016fst\u00e1v\u00e1 poskytovat v\u00e1m ten nejlep\u0161\u00ed z\u00e1\u017eitek ze sledov\u00e1n\u00ed <strong>GeniusTV<\/strong>.<\/p>\n\n\n\n<ul class=\"wp-block-list\">\n<li><strong>Ostatn\u00ed funkce beze zm\u011bn:<\/strong> V\u0161echny dal\u0161\u00ed v\u00fdhody na\u0161\u00ed televize z\u016fst\u00e1vaj\u00ed pln\u011b k dispozici.<\/li>\n\n\n\n<li><strong>Kvalita obsahu:<\/strong> Nad\u00e1le pracujeme na tom, aby byl v\u00e1\u0161 obl\u00edben\u00fd obsah dostupn\u00fd v nejvy\u0161\u0161\u00ed kvalit\u011b a bez dal\u0161\u00edch zbyte\u010dn\u00fdch omezen\u00ed.<\/li>\n\n\n\n<li><strong>Neust\u00e1l\u00fd v\u00fdvoj:<\/strong> Pr\u016fb\u011b\u017en\u011b vylep\u0161ujeme rozhran\u00ed GeniusTV, aby pro v\u00e1s bylo sledov\u00e1n\u00ed co nejp\u0159\u00edjemn\u011bj\u0161\u00ed.<\/li>\n<\/ul>\n\n\n\n<p>D\u011bkujeme za pochopen\u00ed a p\u0159ejeme spoustu z\u00e1bavy u va\u0161ich obl\u00edben\u00fdch po\u0159ad\u016f!<\/p>\n\n\n\n<p>T\u00fdm GeniusTV a Kabel1<\/p>\n","protected":false},"excerpt":{"rendered":"<p>TV Prima: Zm\u011bna v p\u0159et\u00e1\u010den\u00ed po\u0159ad\u016f od 1. \u00fanora R\u00e1di bychom v\u00e1s informovali o technick\u00e9 zm\u011bn\u011b, kter\u00e1 se t\u00fdk\u00e1 sledov\u00e1n\u00ed kan\u00e1l\u016f ze skupiny TV Prima. Na z\u00e1klad\u011b p\u0159\u00edm\u00e9ho po\u017eadavku provozovatele t\u00e9to televizn\u00ed skupiny doch\u00e1z\u00ed od 1. 2. 2026 k \u00faprav\u011b funkce p\u0159et\u00e1\u010den\u00ed. Co se m\u011bn\u00ed? U v\u0161ech kan\u00e1l\u016f TV Prima je nov\u011b znemo\u017en\u011bno p\u0159et\u00e1\u010den\u00ed prvn\u00edch&#8230;<\/p>\n","protected":false},"author":5,"featured_media":21968,"comment_status":"closed","ping_status":"closed","sticky":false,"template":"","format":"standard","meta":{"_eb_attr":"","_kad_post_transparent":"","_kad_post_title":"","_kad_post_layout":"","_kad_post_sidebar_id":"","_kad_post_content_style":"","_kad_post_vertical_padding":"","_kad_post_feature":"","_kad_post_feature_position":"","_kad_post_header":false,"_kad_post_footer":false,"_kad_post_classname":"","footnotes":""},"categories":[29],"tags":[],"class_list":["post-22427","post","type-post","status-publish","format-standard","has-post-thumbnail","hentry","category-kabelova-televize"],"_links":{"self":[{"href":"https:\/\/www.kabel1.cz\/www\/wp-json\/wp\/v2\/posts\/22427","targetHints":{"allow":["GET"]}}],"collection":[{"href":"https:\/\/www.kabel1.cz\/www\/wp-json\/wp\/v2\/posts"}],"about":[{"href":"https:\/\/www.kabel1.cz\/www\/wp-json\/wp\/v2\/types\/post"}],"author":[{"embeddable":true,"href":"https:\/\/www.kabel1.cz\/www\/wp-json\/wp\/v2\/users\/5"}],"replies":[{"embeddable":true,"href":"https:\/\/www.kabel1.cz\/www\/wp-json\/wp\/v2\/comments?post=22427"}],"version-history":[{"count":2,"href":"https:\/\/www.kabel1.cz\/www\/wp-json\/wp\/v2\/posts\/22427\/revisions"}],"predecessor-version":[{"id":22429,"href":"https:\/\/www.kabel1.cz\/www\/wp-json\/wp\/v2\/posts\/22427\/revisions\/22429"}],"wp:featuredmedia":[{"embeddable":true,"href":"https:\/\/www.kabel1.cz\/www\/wp-json\/wp\/v2\/media\/21968"}],"wp:attachment":[{"href":"https:\/\/www.kabel1.cz\/www\/wp-json\/wp\/v2\/media?parent=22427"}],"wp:term":[{"taxonomy":"category","embeddable":true,"href":"https:\/\/www.kabel1.cz\/www\/wp-json\/wp\/v2\/categories?post=22427"},{"taxonomy":"post_tag","embeddable":true,"href":"https:\/\/www.kabel1.cz\/www\/wp-json\/wp\/v2\/tags?post=22427"}],"curies":[{"name":"wp","href":"https:\/\/api.w.org\/{rel}","templated":true}]}}