{"id":22026,"date":"2025-12-12T18:40:00","date_gmt":"2025-12-12T17:40:00","guid":{"rendered":"https:\/\/www.kabel1.cz\/www\/?p=22026"},"modified":"2025-12-22T14:08:34","modified_gmt":"2025-12-22T13:08:34","slug":"vanocni-oteviraci-doba-2025-2026","status":"publish","type":"post","link":"https:\/\/www.kabel1.cz\/www\/2025\/12\/12\/vanocni-oteviraci-doba-2025-2026\/","title":{"rendered":"V\u00e1no\u010dn\u00ed otev\u00edrac\u00ed doba 2025 &#8211; 2026"},"content":{"rendered":"\n<p>V\u00e1noce klepou na dve\u0159e! Zde naleznete <strong>d\u016fle\u017eit\u00e9 informace o na\u0161\u00ed provozn\u00ed dob\u011b<\/strong> b\u011bhem sv\u00e1te\u010dn\u00edho obdob\u00ed.<\/p>\n\n\n\n<p class=\"has-theme-palette-5-color has-text-color has-link-color wp-elements-2126f3e9d08f701d2d29cbfa7e078277\"><strong><mark style=\"background-color:rgba(0, 0, 0, 0)\" class=\"has-inline-color has-theme-palette-5-color\">do 23.12.2025 &#8211; Otev\u0159eno<\/mark> (\u00fater\u00fd)<\/strong><\/p>\n\n\n\n<p><strong><mark style=\"background-color:rgba(0, 0, 0, 0)\" class=\"has-inline-color has-theme-palette-1-color\">24.12.2025 &#8211; Zav\u0159eno<\/mark><\/strong><\/p>\n\n\n\n<p class=\"has-theme-palette-4-color has-text-color\"><strong><mark style=\"background-color:rgba(0, 0, 0, 0)\" class=\"has-inline-color has-theme-palette-1-color\">25.12.2025 &#8211; Zav\u0159eno<\/mark><\/strong><\/p>\n\n\n\n<p class=\"has-theme-palette-4-color has-text-color\"><strong><mark style=\"background-color:rgba(0, 0, 0, 0)\" class=\"has-inline-color has-theme-palette-1-color\">26.12.2025 &#8211; Zav\u0159eno<\/mark><\/strong><\/p>\n\n\n\n<p class=\"has-theme-palette-1-color has-text-color\"><strong><mark style=\"background-color:rgba(0, 0, 0, 0)\" class=\"has-inline-color has-theme-palette-1-color\">27.12.2025 &#8211; Zav\u0159eno<\/mark><\/strong> <strong>(sobota)<\/strong><\/p>\n\n\n\n<p class=\"has-theme-palette-1-color has-text-color\"><strong><mark style=\"background-color:rgba(0, 0, 0, 0)\" class=\"has-inline-color has-theme-palette-1-color\">28.12.2025 &#8211; Zav\u0159eno<\/mark><\/strong> <strong>(ned\u011ble)<\/strong><\/p>\n\n\n\n<p class=\"has-theme-palette-1-color has-text-color\"><strong><mark style=\"background-color:rgba(0, 0, 0, 0)\" class=\"has-inline-color has-theme-palette-1-color\">29.12.2025 &#8211; Zav\u0159eno<\/mark><\/strong><\/p>\n\n\n\n<p class=\"has-theme-palette-4-color has-text-color\"><strong><mark style=\"background-color:rgba(0, 0, 0, 0)\" class=\"has-inline-color has-theme-palette-1-color\">30.12.2025 &#8211; Zav\u0159eno<\/mark><\/strong><\/p>\n\n\n\n<p class=\"has-theme-palette-4-color has-text-color\"><mark style=\"background-color:rgba(0, 0, 0, 0)\" class=\"has-inline-color has-theme-palette-1-color\"><strong>31.12.2025 &#8211; Zav\u0159eno<\/strong><\/mark><\/p>\n\n\n\n<p class=\"has-theme-palette-4-color has-text-color\"><strong><mark style=\"background-color:rgba(0, 0, 0, 0)\" class=\"has-inline-color has-theme-palette-1-color\">01.12.2026 &#8211; Zav\u0159eno<\/mark><\/strong><\/p>\n\n\n\n<p class=\"has-theme-palette-5-color has-text-color\"><strong><mark style=\"background-color:rgba(0, 0, 0, 0)\" class=\"has-inline-color has-theme-palette-5-color\">od 02.01.2026 &#8211; Otev\u0159eno<\/mark> (p\u00e1tek)<\/strong><\/p>\n\n\n\n<figure class=\"wp-block-image size-large\"><img loading=\"lazy\" decoding=\"async\" width=\"1024\" height=\"576\" src=\"https:\/\/www.kabel1.cz\/www\/wp-content\/uploads\/2025\/11\/VANOCE-1024x576.png\" alt=\"\" class=\"wp-image-22030\" srcset=\"https:\/\/www.kabel1.cz\/www\/wp-content\/uploads\/2025\/11\/VANOCE-1024x576.png 1024w, https:\/\/www.kabel1.cz\/www\/wp-content\/uploads\/2025\/11\/VANOCE-300x169.png 300w, https:\/\/www.kabel1.cz\/www\/wp-content\/uploads\/2025\/11\/VANOCE-768x432.png 768w, https:\/\/www.kabel1.cz\/www\/wp-content\/uploads\/2025\/11\/VANOCE.png 1200w\" sizes=\"auto, (max-width: 1024px) 100vw, 1024px\" \/><\/figure>\n","protected":false},"excerpt":{"rendered":"<p>V\u00e1noce klepou na dve\u0159e! Zde naleznete d\u016fle\u017eit\u00e9 informace o na\u0161\u00ed provozn\u00ed dob\u011b b\u011bhem sv\u00e1te\u010dn\u00edho obdob\u00ed. do 23.12.2025 &#8211; Otev\u0159eno (\u00fater\u00fd) 24.12.2025 &#8211; Zav\u0159eno 25.12.2025 &#8211; Zav\u0159eno 26.12.2025 &#8211; Zav\u0159eno 27.12.2025 &#8211; Zav\u0159eno (sobota) 28.12.2025 &#8211; Zav\u0159eno (ned\u011ble) 29.12.2025 &#8211; Zav\u0159eno 30.12.2025 &#8211; Zav\u0159eno 31.12.2025 &#8211; Zav\u0159eno 01.12.2026 &#8211; Zav\u0159eno od 02.01.2026 &#8211; Otev\u0159eno (p\u00e1tek)<\/p>\n","protected":false},"author":5,"featured_media":22030,"comment_status":"closed","ping_status":"closed","sticky":false,"template":"","format":"standard","meta":{"_eb_attr":"","_kad_post_transparent":"","_kad_post_title":"","_kad_post_layout":"","_kad_post_sidebar_id":"","_kad_post_content_style":"","_kad_post_vertical_padding":"","_kad_post_feature":"","_kad_post_feature_position":"","_kad_post_header":false,"_kad_post_footer":false,"_kad_post_classname":"","footnotes":""},"categories":[1],"tags":[],"class_list":["post-22026","post","type-post","status-publish","format-standard","has-post-thumbnail","hentry","category-ostatni"],"_links":{"self":[{"href":"https:\/\/www.kabel1.cz\/www\/wp-json\/wp\/v2\/posts\/22026","targetHints":{"allow":["GET"]}}],"collection":[{"href":"https:\/\/www.kabel1.cz\/www\/wp-json\/wp\/v2\/posts"}],"about":[{"href":"https:\/\/www.kabel1.cz\/www\/wp-json\/wp\/v2\/types\/post"}],"author":[{"embeddable":true,"href":"https:\/\/www.kabel1.cz\/www\/wp-json\/wp\/v2\/users\/5"}],"replies":[{"embeddable":true,"href":"https:\/\/www.kabel1.cz\/www\/wp-json\/wp\/v2\/comments?post=22026"}],"version-history":[{"count":7,"href":"https:\/\/www.kabel1.cz\/www\/wp-json\/wp\/v2\/posts\/22026\/revisions"}],"predecessor-version":[{"id":22035,"href":"https:\/\/www.kabel1.cz\/www\/wp-json\/wp\/v2\/posts\/22026\/revisions\/22035"}],"wp:featuredmedia":[{"embeddable":true,"href":"https:\/\/www.kabel1.cz\/www\/wp-json\/wp\/v2\/media\/22030"}],"wp:attachment":[{"href":"https:\/\/www.kabel1.cz\/www\/wp-json\/wp\/v2\/media?parent=22026"}],"wp:term":[{"taxonomy":"category","embeddable":true,"href":"https:\/\/www.kabel1.cz\/www\/wp-json\/wp\/v2\/categories?post=22026"},{"taxonomy":"post_tag","embeddable":true,"href":"https:\/\/www.kabel1.cz\/www\/wp-json\/wp\/v2\/tags?post=22026"}],"curies":[{"name":"wp","href":"https:\/\/api.w.org\/{rel}","templated":true}]}}