{"id":18362,"date":"2025-03-19T10:22:55","date_gmt":"2025-03-19T09:22:55","guid":{"rendered":"https:\/\/www.kabel1.cz\/www\/?p=18362"},"modified":"2025-03-27T16:23:26","modified_gmt":"2025-03-27T15:23:26","slug":"zmeny-kanalu-na-genius-tv","status":"publish","type":"post","link":"https:\/\/www.kabel1.cz\/www\/2025\/03\/19\/zmeny-kanalu-na-genius-tv\/","title":{"rendered":"Zm\u011bny kan\u00e1l\u016f na GENIUS TV!"},"content":{"rendered":"\n<p>V\u00e1\u017een\u00ed z\u00e1kazn\u00edci,<br>oznamujeme, \u017ee do na\u0161\u00ed nab\u00eddky p\u0159id\u00e1v\u00e1me p\u011bt nov\u00fdch kan\u00e1l\u016f: <strong>J\u010c1, Plze\u0148TV, ZakTV, JTV<\/strong> a <strong>Noe+<\/strong>.<\/p>\n\n\n<style>.kb-row-layout-id18362_67b79b-66 > .kt-row-column-wrap{align-content:start;}:where(.kb-row-layout-id18362_67b79b-66 > .kt-row-column-wrap) > .wp-block-kadence-column{justify-content:start;}.kb-row-layout-id18362_67b79b-66 > .kt-row-column-wrap{column-gap:var(--global-kb-gap-md, 2rem);row-gap:var(--global-kb-gap-md, 2rem);max-width:var( --global-content-width, 1290px );padding-left:var(--global-content-edge-padding);padding-right:var(--global-content-edge-padding);padding-top:var(--global-kb-spacing-sm, 1.5rem);padding-bottom:var(--global-kb-spacing-sm, 1.5rem);grid-template-columns:minmax(0, 1fr);}.kb-row-layout-id18362_67b79b-66 > .kt-row-layout-overlay{opacity:0.30;background-color:var(--global-palette2, #2B6CB0);}@media all and (max-width: 1024px){.kb-row-layout-id18362_67b79b-66 > .kt-row-column-wrap{grid-template-columns:minmax(0, 1fr);}}@media all and (max-width: 767px){.kb-row-layout-id18362_67b79b-66 > .kt-row-column-wrap{grid-template-columns:minmax(0, 1fr);}}<\/style><div class=\"kb-row-layout-wrap kb-row-layout-id18362_67b79b-66 alignnone kt-row-has-bg wp-block-kadence-rowlayout\"><div class=\"kt-row-layout-overlay kt-row-overlay-normal\"><\/div><div class=\"kt-row-column-wrap kt-has-1-columns kt-row-layout-equal kt-tab-layout-inherit kt-mobile-layout-row kt-row-valign-top kb-theme-content-width\">\n<style>.kadence-column18362_897b67-df > .kt-inside-inner-col,.kadence-column18362_897b67-df > .kt-inside-inner-col:before{border-top-left-radius:0px;border-top-right-radius:0px;border-bottom-right-radius:0px;border-bottom-left-radius:0px;}.kadence-column18362_897b67-df > .kt-inside-inner-col{column-gap:var(--global-kb-gap-sm, 1rem);}.kadence-column18362_897b67-df > .kt-inside-inner-col{flex-direction:column;}.kadence-column18362_897b67-df > .kt-inside-inner-col > .aligncenter{width:100%;}.kadence-column18362_897b67-df > .kt-inside-inner-col:before{opacity:0.3;}.kadence-column18362_897b67-df{position:relative;}@media all and (max-width: 1024px){.kadence-column18362_897b67-df > .kt-inside-inner-col{flex-direction:column;justify-content:center;}}@media all and (max-width: 767px){.kadence-column18362_897b67-df > .kt-inside-inner-col{flex-direction:column;justify-content:center;}}<\/style>\n<div class=\"wp-block-kadence-column kadence-column18362_897b67-df\"><div class=\"kt-inside-inner-col\"><style>.kadence-column18362_a46411-ab > .kt-inside-inner-col,.kadence-column18362_a46411-ab > .kt-inside-inner-col:before{border-top-left-radius:0px;border-top-right-radius:0px;border-bottom-right-radius:0px;border-bottom-left-radius:0px;}.kadence-column18362_a46411-ab > .kt-inside-inner-col{column-gap:var(--global-kb-gap-sm, 1rem);}.kadence-column18362_a46411-ab > .kt-inside-inner-col{flex-direction:column;}.kadence-column18362_a46411-ab > .kt-inside-inner-col > .aligncenter{width:100%;}.kadence-column18362_a46411-ab > .kt-inside-inner-col:before{opacity:0.3;}.kadence-column18362_a46411-ab{position:relative;}@media all and (max-width: 1024px){.kadence-column18362_a46411-ab > .kt-inside-inner-col{flex-direction:column;justify-content:center;}}@media all and (max-width: 767px){.kadence-column18362_a46411-ab > .kt-inside-inner-col{flex-direction:column;justify-content:center;}}<\/style>\n<div class=\"wp-block-kadence-column kadence-column18362_a46411-ab\"><div class=\"kt-inside-inner-col\">\n<p><strong>J\u010c1<\/strong>: Region\u00e1ln\u00ed televize zam\u011b\u0159en\u00e1 na ji\u017en\u00ed \u010cechy. Nab\u00edz\u00ed zpravodajstv\u00ed, publicistiku a dokument\u00e1rn\u00ed po\u0159ady z tohoto regionu.<\/p>\n\n\n\n<p><strong>Plze\u0148TV<\/strong>: Region\u00e1ln\u00ed televize poskytuj\u00edc\u00ed aktu\u00e1ln\u00ed zpravodajstv\u00ed, rozhovory a publicistick\u00e9 po\u0159ady z Plze\u0148sk\u00e9ho kraje.<\/p>\n\n\n\n<p><strong>ZakTV<\/strong>: Jedna z nejv\u011bt\u0161\u00edch region\u00e1ln\u00edch televiz\u00ed v \u010cR, p\u016fsob\u00edc\u00ed od roku 1996. Ka\u017ed\u00fd den p\u0159in\u00e1\u0161\u00ed p\u016flhodinov\u00e9 zpravodajstv\u00ed z Plze\u0148sk\u00e9ho a Karlovarsk\u00e9ho kraje a \u0159adu publicistick\u00fdch po\u0159ad\u016f zam\u011b\u0159en\u00fdch na aktu\u00e1ln\u00ed t\u00e9mata ze z\u00e1padu \u010cech.<\/p>\n\n\n\n<p><strong>JTV<\/strong>: Region\u00e1ln\u00ed televize zam\u011b\u0159en\u00e1 na zpravodajstv\u00ed a publicistiku z ji\u017en\u00edch \u010cech.<\/p>\n\n\n\n<p><strong>Noe+<\/strong>: Televizn\u00ed kan\u00e1l s duchovn\u00edm zam\u011b\u0159en\u00edm, nab\u00edzej\u00edc\u00ed programy s k\u0159es\u0165anskou tematikou, kulturn\u00edmi po\u0159ady a dokumenty.<\/p>\n<\/div><\/div>\n<\/div><\/div>\n\n<\/div><\/div>\n\n\n<p><\/p>\n\n\n\n<p>Z\u00e1rove\u0148 V\u00e1s chceme informovat, \u017ee z d\u016fvodu probl\u00e9m\u016f se zdroji streamu bude <strong>kan\u00e1l NASA ISS<\/strong> a <strong>Arcadia World <\/strong>z na\u0161\u00ed nab\u00eddky odstran\u011bn. D\u011bkujeme za pochopen\u00ed.<\/p>\n\n\n\n<p><strong>Kabel1 a Genius Team<\/strong><\/p>\n","protected":false},"excerpt":{"rendered":"<p>V\u00e1\u017een\u00ed z\u00e1kazn\u00edci,oznamujeme, \u017ee do na\u0161\u00ed nab\u00eddky p\u0159id\u00e1v\u00e1me p\u011bt nov\u00fdch kan\u00e1l\u016f: J\u010c1, Plze\u0148TV, ZakTV, JTV a Noe+. J\u010c1: Region\u00e1ln\u00ed televize zam\u011b\u0159en\u00e1 na ji\u017en\u00ed \u010cechy. Nab\u00edz\u00ed zpravodajstv\u00ed, publicistiku a dokument\u00e1rn\u00ed po\u0159ady z tohoto regionu. Plze\u0148TV: Region\u00e1ln\u00ed televize poskytuj\u00edc\u00ed aktu\u00e1ln\u00ed zpravodajstv\u00ed, rozhovory a publicistick\u00e9 po\u0159ady z Plze\u0148sk\u00e9ho kraje. ZakTV: Jedna z nejv\u011bt\u0161\u00edch region\u00e1ln\u00edch televiz\u00ed v \u010cR, p\u016fsob\u00edc\u00ed od&#8230;<\/p>\n","protected":false},"author":5,"featured_media":15615,"comment_status":"closed","ping_status":"closed","sticky":false,"template":"","format":"standard","meta":{"_eb_attr":"","_kad_post_transparent":"","_kad_post_title":"","_kad_post_layout":"","_kad_post_sidebar_id":"","_kad_post_content_style":"","_kad_post_vertical_padding":"","_kad_post_feature":"","_kad_post_feature_position":"","_kad_post_header":false,"_kad_post_footer":false,"_kad_post_classname":"","footnotes":""},"categories":[29],"tags":[],"class_list":["post-18362","post","type-post","status-publish","format-standard","has-post-thumbnail","hentry","category-kabelova-televize"],"_links":{"self":[{"href":"https:\/\/www.kabel1.cz\/www\/wp-json\/wp\/v2\/posts\/18362","targetHints":{"allow":["GET"]}}],"collection":[{"href":"https:\/\/www.kabel1.cz\/www\/wp-json\/wp\/v2\/posts"}],"about":[{"href":"https:\/\/www.kabel1.cz\/www\/wp-json\/wp\/v2\/types\/post"}],"author":[{"embeddable":true,"href":"https:\/\/www.kabel1.cz\/www\/wp-json\/wp\/v2\/users\/5"}],"replies":[{"embeddable":true,"href":"https:\/\/www.kabel1.cz\/www\/wp-json\/wp\/v2\/comments?post=18362"}],"version-history":[{"count":3,"href":"https:\/\/www.kabel1.cz\/www\/wp-json\/wp\/v2\/posts\/18362\/revisions"}],"predecessor-version":[{"id":18377,"href":"https:\/\/www.kabel1.cz\/www\/wp-json\/wp\/v2\/posts\/18362\/revisions\/18377"}],"wp:featuredmedia":[{"embeddable":true,"href":"https:\/\/www.kabel1.cz\/www\/wp-json\/wp\/v2\/media\/15615"}],"wp:attachment":[{"href":"https:\/\/www.kabel1.cz\/www\/wp-json\/wp\/v2\/media?parent=18362"}],"wp:term":[{"taxonomy":"category","embeddable":true,"href":"https:\/\/www.kabel1.cz\/www\/wp-json\/wp\/v2\/categories?post=18362"},{"taxonomy":"post_tag","embeddable":true,"href":"https:\/\/www.kabel1.cz\/www\/wp-json\/wp\/v2\/tags?post=18362"}],"curies":[{"name":"wp","href":"https:\/\/api.w.org\/{rel}","templated":true}]}}