{"id":16459,"date":"2024-08-05T10:03:32","date_gmt":"2024-08-05T08:03:32","guid":{"rendered":"https:\/\/www.kabel1.cz\/www\/?p=16459"},"modified":"2024-08-13T09:14:15","modified_gmt":"2024-08-13T07:14:15","slug":"akce-wembloudovy-hrby-16-rocnik-zavodu-mtb-v-klasterci-nad-ohri","status":"publish","type":"post","link":"https:\/\/www.kabel1.cz\/www\/2024\/08\/05\/akce-wembloudovy-hrby-16-rocnik-zavodu-mtb-v-klasterci-nad-ohri\/","title":{"rendered":"Akce: WEMBLOUDOVY HRBY \u2013 16. ro\u010dn\u00edk z\u00e1vodu MTB v Kl\u00e1\u0161terci nad Oh\u0159\u00ed"},"content":{"rendered":"\n<p>V sobotu 17.8.2024 se v are\u00e1lu&nbsp;<em><a href=\"https:\/\/mapy.cz\/zakladni?source=base&amp;id=2117148&amp;x=13.1819310&amp;y=50.3990920&amp;z=18\" target=\"_blank\" rel=\"noreferrer noopener\">RC dr\u00e1hy nad Kl\u00e1\u0161tercem nad Oh\u0159\u00ed<\/a>&nbsp;<\/em>uskute\u010dn\u00ed z\u00e1vody horsk\u00fdch kol.<\/p>\n\n\n\n<p>Z\u00e1vody jsou vyps\u00e1ny pro v\u0161echny poh\u00e1rov\u00e9 kategorie, nav\u00edc odjedeme z\u00e1vod odstrkovadel a m\u00e1me kategorii pro dosp\u011bl\u00e9 p\u0159\u00edchoz\u00ed bikery a bikerky na zkr\u00e1cen\u00e9, 1 okruhov\u00e9 trati. Z\u00e1vod je otev\u0159en\u00fd v\u0161em, m\u016f\u017eete o pr\u00e1zdnin\u00e1ch zkusit z\u00e1vodn\u00ed atmosf\u00e9ru!&nbsp;<a href=\"https:\/\/alsovka.cz\/wp-content\/uploads\/Medaile_WH_2024_web.jpg\"><em>Medaile<\/em><\/a>&nbsp;a v\u011bcn\u00e9 ceny pro prvn\u00ed 3 z\u00e1vodn\u00edky v ka\u017ed\u00e9 kategorii.<\/p>\n\n\n\n<p>Standardn\u00ed doprovodn\u00fd program nab\u00eddne dopoledne SK\u00c1KAC\u00cd HRAD, MALOV\u00c1NI NA OBLI\u010cEJ a po vyhl\u00e1\u0161en\u00ed d\u011btsk\u00fdch kategori\u00ed obl\u00edbenou P\u011aNOVOU KOUPEL!<\/p>\n\n\n\n<p>Kompletn\u00ed informace na webu Al\u0161ovky: <a href=\"https:\/\/alsovka.cz\/wh\/\" target=\"_blank\" rel=\"noreferrer noopener\">https:\/\/alsovka.cz\/wh\/<\/a><\/p>\n\n\n\n<figure class=\"wp-block-image size-large is-resized\"><a href=\"https:\/\/www.kabel1.cz\/www\/wp-content\/uploads\/2024\/08\/Plakat_Wembloudovy_Hrby_2024-scaled-1.jpg\"><img loading=\"lazy\" decoding=\"async\" width=\"704\" height=\"1024\" src=\"https:\/\/www.kabel1.cz\/www\/wp-content\/uploads\/2024\/08\/Plakat_Wembloudovy_Hrby_2024-scaled-1-704x1024.jpg\" alt=\"\" class=\"wp-image-16462\" style=\"width:389px;height:auto\" srcset=\"https:\/\/www.kabel1.cz\/www\/wp-content\/uploads\/2024\/08\/Plakat_Wembloudovy_Hrby_2024-scaled-1-704x1024.jpg 704w, https:\/\/www.kabel1.cz\/www\/wp-content\/uploads\/2024\/08\/Plakat_Wembloudovy_Hrby_2024-scaled-1-206x300.jpg 206w, https:\/\/www.kabel1.cz\/www\/wp-content\/uploads\/2024\/08\/Plakat_Wembloudovy_Hrby_2024-scaled-1-768x1117.jpg 768w, https:\/\/www.kabel1.cz\/www\/wp-content\/uploads\/2024\/08\/Plakat_Wembloudovy_Hrby_2024-scaled-1-1056x1536.jpg 1056w, https:\/\/www.kabel1.cz\/www\/wp-content\/uploads\/2024\/08\/Plakat_Wembloudovy_Hrby_2024-scaled-1-1408x2048.jpg 1408w, https:\/\/www.kabel1.cz\/www\/wp-content\/uploads\/2024\/08\/Plakat_Wembloudovy_Hrby_2024-scaled-1-1320x1920.jpg 1320w, https:\/\/www.kabel1.cz\/www\/wp-content\/uploads\/2024\/08\/Plakat_Wembloudovy_Hrby_2024-scaled-1.jpg 1760w\" sizes=\"auto, (max-width: 704px) 100vw, 704px\" \/><\/a><\/figure>\n\n\n\n<figure class=\"wp-block-image size-full is-resized\"><a href=\"https:\/\/www.kabel1.cz\/www\/wp-content\/uploads\/2024\/08\/Cedule_200x100cm_Wembloudovy_Hrby_Detske_Okruhy_1kor.zmenena-velikost.jpg\"><img loading=\"lazy\" decoding=\"async\" width=\"1024\" height=\"513\" src=\"https:\/\/www.kabel1.cz\/www\/wp-content\/uploads\/2024\/08\/Cedule_200x100cm_Wembloudovy_Hrby_Detske_Okruhy_1kor.zmenena-velikost.jpg\" alt=\"\" class=\"wp-image-16599\" style=\"width:722px;height:auto\" srcset=\"https:\/\/www.kabel1.cz\/www\/wp-content\/uploads\/2024\/08\/Cedule_200x100cm_Wembloudovy_Hrby_Detske_Okruhy_1kor.zmenena-velikost.jpg 1024w, https:\/\/www.kabel1.cz\/www\/wp-content\/uploads\/2024\/08\/Cedule_200x100cm_Wembloudovy_Hrby_Detske_Okruhy_1kor.zmenena-velikost-300x150.jpg 300w, https:\/\/www.kabel1.cz\/www\/wp-content\/uploads\/2024\/08\/Cedule_200x100cm_Wembloudovy_Hrby_Detske_Okruhy_1kor.zmenena-velikost-768x385.jpg 768w\" sizes=\"auto, (max-width: 1024px) 100vw, 1024px\" \/><\/a><\/figure>\n\n\n\n<figure class=\"wp-block-image size-full is-resized\"><a href=\"https:\/\/www.kabel1.cz\/www\/wp-content\/uploads\/2024\/08\/Cedule_200x100cm_Wembloudovy_Hrby_Detske_Okruhy_2.zmenena-velikost.jpg\"><img loading=\"lazy\" decoding=\"async\" width=\"1024\" height=\"513\" src=\"https:\/\/www.kabel1.cz\/www\/wp-content\/uploads\/2024\/08\/Cedule_200x100cm_Wembloudovy_Hrby_Detske_Okruhy_2.zmenena-velikost.jpg\" alt=\"\" class=\"wp-image-16600\" style=\"width:722px;height:auto\" srcset=\"https:\/\/www.kabel1.cz\/www\/wp-content\/uploads\/2024\/08\/Cedule_200x100cm_Wembloudovy_Hrby_Detske_Okruhy_2.zmenena-velikost.jpg 1024w, https:\/\/www.kabel1.cz\/www\/wp-content\/uploads\/2024\/08\/Cedule_200x100cm_Wembloudovy_Hrby_Detske_Okruhy_2.zmenena-velikost-300x150.jpg 300w, https:\/\/www.kabel1.cz\/www\/wp-content\/uploads\/2024\/08\/Cedule_200x100cm_Wembloudovy_Hrby_Detske_Okruhy_2.zmenena-velikost-768x385.jpg 768w\" sizes=\"auto, (max-width: 1024px) 100vw, 1024px\" \/><\/a><\/figure>\n","protected":false},"excerpt":{"rendered":"<p>V sobotu 17.8.2024 se v are\u00e1lu&nbsp;RC dr\u00e1hy nad Kl\u00e1\u0161tercem nad Oh\u0159\u00ed&nbsp;uskute\u010dn\u00ed z\u00e1vody horsk\u00fdch kol. Z\u00e1vody jsou vyps\u00e1ny pro v\u0161echny poh\u00e1rov\u00e9 kategorie, nav\u00edc odjedeme z\u00e1vod odstrkovadel a m\u00e1me kategorii pro dosp\u011bl\u00e9 p\u0159\u00edchoz\u00ed bikery a bikerky na zkr\u00e1cen\u00e9, 1 okruhov\u00e9 trati. Z\u00e1vod je otev\u0159en\u00fd v\u0161em, m\u016f\u017eete o pr\u00e1zdnin\u00e1ch zkusit z\u00e1vodn\u00ed atmosf\u00e9ru!&nbsp;Medaile&nbsp;a v\u011bcn\u00e9 ceny pro prvn\u00ed 3 z\u00e1vodn\u00edky&#8230;<\/p>\n","protected":false},"author":5,"featured_media":16460,"comment_status":"closed","ping_status":"closed","sticky":false,"template":"","format":"standard","meta":{"_eb_attr":"","_kad_post_transparent":"","_kad_post_title":"","_kad_post_layout":"","_kad_post_sidebar_id":"","_kad_post_content_style":"","_kad_post_vertical_padding":"","_kad_post_feature":"","_kad_post_feature_position":"","_kad_post_header":false,"_kad_post_footer":false,"_kad_post_classname":"","footnotes":""},"categories":[1],"tags":[],"class_list":["post-16459","post","type-post","status-publish","format-standard","has-post-thumbnail","hentry","category-ostatni"],"_links":{"self":[{"href":"https:\/\/www.kabel1.cz\/www\/wp-json\/wp\/v2\/posts\/16459","targetHints":{"allow":["GET"]}}],"collection":[{"href":"https:\/\/www.kabel1.cz\/www\/wp-json\/wp\/v2\/posts"}],"about":[{"href":"https:\/\/www.kabel1.cz\/www\/wp-json\/wp\/v2\/types\/post"}],"author":[{"embeddable":true,"href":"https:\/\/www.kabel1.cz\/www\/wp-json\/wp\/v2\/users\/5"}],"replies":[{"embeddable":true,"href":"https:\/\/www.kabel1.cz\/www\/wp-json\/wp\/v2\/comments?post=16459"}],"version-history":[{"count":6,"href":"https:\/\/www.kabel1.cz\/www\/wp-json\/wp\/v2\/posts\/16459\/revisions"}],"predecessor-version":[{"id":16602,"href":"https:\/\/www.kabel1.cz\/www\/wp-json\/wp\/v2\/posts\/16459\/revisions\/16602"}],"wp:featuredmedia":[{"embeddable":true,"href":"https:\/\/www.kabel1.cz\/www\/wp-json\/wp\/v2\/media\/16460"}],"wp:attachment":[{"href":"https:\/\/www.kabel1.cz\/www\/wp-json\/wp\/v2\/media?parent=16459"}],"wp:term":[{"taxonomy":"category","embeddable":true,"href":"https:\/\/www.kabel1.cz\/www\/wp-json\/wp\/v2\/categories?post=16459"},{"taxonomy":"post_tag","embeddable":true,"href":"https:\/\/www.kabel1.cz\/www\/wp-json\/wp\/v2\/tags?post=16459"}],"curies":[{"name":"wp","href":"https:\/\/api.w.org\/{rel}","templated":true}]}}