{"id":13600,"date":"2023-05-04T09:33:38","date_gmt":"2023-05-04T07:33:38","guid":{"rendered":"https:\/\/www1.kabel1.cz\/?p=13600"},"modified":"2023-05-04T09:54:05","modified_gmt":"2023-05-04T07:54:05","slug":"nas-region-tv-se-meni-na-a11","status":"publish","type":"post","link":"https:\/\/www.kabel1.cz\/www\/2023\/05\/04\/nas-region-tv-se-meni-na-a11\/","title":{"rendered":"N\u00e1\u0161 region TV se m\u011bn\u00ed na A11"},"content":{"rendered":"\n<p><strong>Od 27.4.2023 vys\u00edl\u00e1 TV kan\u00e1l N\u00e1\u0161 region TV pod nov\u00fdm n\u00e1zvem A11<\/strong>.&nbsp;Div\u00e1ci se mohou t\u011b\u0161it na \u00e1\u010dkov\u00e9 seri\u00e1ly a filmy. Provozovatel stanice zakoupil francouzsk\u00e9 detektivky i rodinn\u00e9 filmy. Stanice p\u0159inese nap\u0159\u00edklad talk show s Jaroslavem Du\u0161kem, investigativn\u00ed \u017eurnalistiku s Josefem Kl\u00edmou a dal\u0161\u00ed po\u0159ady, kter\u00e9 budou postupn\u011b odtajn\u011bny. Nebude chyb\u011bt ani region\u00e1ln\u00ed zpravodajstv\u00ed.<\/p>\n\n\n\n<p><strong><em>Zpravodajsk\u00e9 relace budou moderov\u00e1ny um\u011blou inteligenc\u00ed.\u00a0Prvn\u00ed sv\u00e9ho druhu na \u010desk\u00e9m trhu.<\/em><\/strong>\u00a0Ka\u017ed\u00fd ve\u010der chce A11 vys\u00edlat vlastn\u00ed z\u00e1bavn\u00fd po\u0159ad.<\/p>\n\n\n\n<p>Internetov\u00e9 str\u00e1nky TV stanice: <a href=\"https:\/\/tv.a11.cz\/\">https:\/\/tv.a11.cz\/<\/a><\/p>\n","protected":false},"excerpt":{"rendered":"<p>Od 27.4.2023 vys\u00edl\u00e1 TV kan\u00e1l N\u00e1\u0161 region TV pod nov\u00fdm n\u00e1zvem A11.&nbsp;Div\u00e1ci se mohou t\u011b\u0161it na \u00e1\u010dkov\u00e9 seri\u00e1ly a filmy. Provozovatel stanice zakoupil francouzsk\u00e9 detektivky i rodinn\u00e9 filmy. Stanice p\u0159inese nap\u0159\u00edklad talk show s Jaroslavem Du\u0161kem, investigativn\u00ed \u017eurnalistiku s Josefem Kl\u00edmou a dal\u0161\u00ed po\u0159ady, kter\u00e9 budou postupn\u011b odtajn\u011bny. Nebude chyb\u011bt ani region\u00e1ln\u00ed zpravodajstv\u00ed. Zpravodajsk\u00e9 relace&#8230;<\/p>\n","protected":false},"author":5,"featured_media":11753,"comment_status":"open","ping_status":"open","sticky":false,"template":"","format":"standard","meta":{"_eb_attr":"","_kad_post_transparent":"","_kad_post_title":"","_kad_post_layout":"","_kad_post_sidebar_id":"","_kad_post_content_style":"","_kad_post_vertical_padding":"","_kad_post_feature":"","_kad_post_feature_position":"","_kad_post_header":false,"_kad_post_footer":false,"_kad_post_classname":"","footnotes":""},"categories":[29],"tags":[],"class_list":["post-13600","post","type-post","status-publish","format-standard","has-post-thumbnail","hentry","category-kabelova-televize"],"_links":{"self":[{"href":"https:\/\/www.kabel1.cz\/www\/wp-json\/wp\/v2\/posts\/13600","targetHints":{"allow":["GET"]}}],"collection":[{"href":"https:\/\/www.kabel1.cz\/www\/wp-json\/wp\/v2\/posts"}],"about":[{"href":"https:\/\/www.kabel1.cz\/www\/wp-json\/wp\/v2\/types\/post"}],"author":[{"embeddable":true,"href":"https:\/\/www.kabel1.cz\/www\/wp-json\/wp\/v2\/users\/5"}],"replies":[{"embeddable":true,"href":"https:\/\/www.kabel1.cz\/www\/wp-json\/wp\/v2\/comments?post=13600"}],"version-history":[{"count":3,"href":"https:\/\/www.kabel1.cz\/www\/wp-json\/wp\/v2\/posts\/13600\/revisions"}],"predecessor-version":[{"id":13608,"href":"https:\/\/www.kabel1.cz\/www\/wp-json\/wp\/v2\/posts\/13600\/revisions\/13608"}],"wp:featuredmedia":[{"embeddable":true,"href":"https:\/\/www.kabel1.cz\/www\/wp-json\/wp\/v2\/media\/11753"}],"wp:attachment":[{"href":"https:\/\/www.kabel1.cz\/www\/wp-json\/wp\/v2\/media?parent=13600"}],"wp:term":[{"taxonomy":"category","embeddable":true,"href":"https:\/\/www.kabel1.cz\/www\/wp-json\/wp\/v2\/categories?post=13600"},{"taxonomy":"post_tag","embeddable":true,"href":"https:\/\/www.kabel1.cz\/www\/wp-json\/wp\/v2\/tags?post=13600"}],"curies":[{"name":"wp","href":"https:\/\/api.w.org\/{rel}","templated":true}]}}